{"id":4777,"date":"2022-11-22T09:21:50","date_gmt":"2022-11-22T08:21:50","guid":{"rendered":"https:\/\/www.das-werkhaus.de\/magazin\/?p=4777"},"modified":"2023-09-28T11:30:31","modified_gmt":"2023-09-28T09:30:31","slug":"https-www-das-werkhaus-de-magazin-tapeten-rosenheim","status":"publish","type":"post","link":"https:\/\/www.das-werkhaus.de\/magazin\/tapeten-rosenheim","title":{"rendered":"Fantasie an den W\u00e4nden"},"content":{"rendered":"<div class=\"elementor-element elementor-element-1016de13 elementor-widget elementor-widget-text-editor\" data-id=\"1016de13\" data-element_type=\"widget\" data-widget_type=\"text-editor.default\">\n<div class=\"elementor-widget-container\">\n<div class=\"elementor-text-editor elementor-clearfix\">\n<p>Tapeten sind wieder im Kommen. Das spie\u00dfige Image der 70iger Jahre ist pass\u00e8. Tapeten spielen bei der Akzentuierung von W\u00e4nden eine entscheidende Rolle und sind tolle Alternativen zu Wandfarben.<\/p>\n<\/div>\n<\/div>\n<\/div>\n<div class=\"elementor-element elementor-element-1016de13 elementor-widget elementor-widget-text-editor\" data-id=\"1016de13\" data-element_type=\"widget\" data-widget_type=\"text-editor.default\">\n<div class=\"elementor-widget-container\">\n<div class=\"elementor-text-editor elementor-clearfix\">\n\n\t\t<style type=\"text\/css\">\n\t\t\t#gallery-1 {\n\t\t\t\tmargin: auto;\n\t\t\t}\n\t\t\t#gallery-1 .gallery-item {\n\t\t\t\tfloat: left;\n\t\t\t\tmargin-top: 10px;\n\t\t\t\ttext-align: center;\n\t\t\t\twidth: 33%;\n\t\t\t}\n\t\t\t#gallery-1 img {\n\t\t\t\tborder: 2px solid #cfcfcf;\n\t\t\t}\n\t\t\t#gallery-1 .gallery-caption {\n\t\t\t\tmargin-left: 0;\n\t\t\t}\n\t\t\t\/* see gallery_shortcode() in wp-includes\/media.php *\/\n\t\t<\/style>\n\t\t<div id='gallery-1' class='gallery galleryid-4777 gallery-columns-3 gallery-size-full'><dl class='gallery-item'>\n\t\t\t<dt class='gallery-icon portrait'>\n\t\t\t\t<a href='https:\/\/www.das-werkhaus.de\/magazin\/wp-content\/uploads\/sites\/2\/2022\/11\/tapete-benmore01-schoenauer-raumausstattung-im-werkhaus-rosenheim.jpg' data-lbwps-gid=\"2\"><img loading=\"lazy\" decoding=\"async\" width=\"800\" height=\"1000\" src=\"https:\/\/www.das-werkhaus.de\/magazin\/wp-content\/uploads\/sites\/2\/2022\/11\/tapete-benmore01-schoenauer-raumausstattung-im-werkhaus-rosenheim.jpg\" class=\"attachment-full size-full\" alt=\"Tapeten von Osborne + Little bei Sch\u00f6nauer Raumausstattung im werkhaus bei Rosenheim\" srcset=\"https:\/\/www.das-werkhaus.de\/magazin\/wp-content\/uploads\/sites\/2\/2022\/11\/tapete-benmore01-schoenauer-raumausstattung-im-werkhaus-rosenheim.jpg 800w, https:\/\/www.das-werkhaus.de\/magazin\/wp-content\/uploads\/sites\/2\/2022\/11\/tapete-benmore01-schoenauer-raumausstattung-im-werkhaus-rosenheim-440x550.jpg 440w, https:\/\/www.das-werkhaus.de\/magazin\/wp-content\/uploads\/sites\/2\/2022\/11\/tapete-benmore01-schoenauer-raumausstattung-im-werkhaus-rosenheim-768x960.jpg 768w\" sizes=\"auto, (max-width: 800px) 100vw, 800px\" \/><\/a>\n\t\t\t<\/dt><\/dl><dl class='gallery-item'>\n\t\t\t<dt class='gallery-icon portrait'>\n\t\t\t\t<a href='https:\/\/www.das-werkhaus.de\/magazin\/wp-content\/uploads\/sites\/2\/2022\/11\/tapete-benmore02-schoenauer-raumausstattung-im-werkhaus-rosenheim.jpg' data-lbwps-gid=\"2\"><img loading=\"lazy\" decoding=\"async\" width=\"800\" height=\"1000\" src=\"https:\/\/www.das-werkhaus.de\/magazin\/wp-content\/uploads\/sites\/2\/2022\/11\/tapete-benmore02-schoenauer-raumausstattung-im-werkhaus-rosenheim.jpg\" class=\"attachment-full size-full\" alt=\"\" srcset=\"https:\/\/www.das-werkhaus.de\/magazin\/wp-content\/uploads\/sites\/2\/2022\/11\/tapete-benmore02-schoenauer-raumausstattung-im-werkhaus-rosenheim.jpg 800w, https:\/\/www.das-werkhaus.de\/magazin\/wp-content\/uploads\/sites\/2\/2022\/11\/tapete-benmore02-schoenauer-raumausstattung-im-werkhaus-rosenheim-440x550.jpg 440w, https:\/\/www.das-werkhaus.de\/magazin\/wp-content\/uploads\/sites\/2\/2022\/11\/tapete-benmore02-schoenauer-raumausstattung-im-werkhaus-rosenheim-768x960.jpg 768w\" sizes=\"auto, (max-width: 800px) 100vw, 800px\" \/><\/a>\n\t\t\t<\/dt><\/dl><dl class='gallery-item'>\n\t\t\t<dt class='gallery-icon portrait'>\n\t\t\t\t<a href='https:\/\/www.das-werkhaus.de\/magazin\/wp-content\/uploads\/sites\/2\/2022\/11\/tapete-benmore03-schoenauer-raumausstattung-im-werkhaus-rosenheim.jpg' data-lbwps-gid=\"2\"><img loading=\"lazy\" decoding=\"async\" width=\"800\" height=\"1000\" src=\"https:\/\/www.das-werkhaus.de\/magazin\/wp-content\/uploads\/sites\/2\/2022\/11\/tapete-benmore03-schoenauer-raumausstattung-im-werkhaus-rosenheim.jpg\" class=\"attachment-full size-full\" alt=\"\" srcset=\"https:\/\/www.das-werkhaus.de\/magazin\/wp-content\/uploads\/sites\/2\/2022\/11\/tapete-benmore03-schoenauer-raumausstattung-im-werkhaus-rosenheim.jpg 800w, https:\/\/www.das-werkhaus.de\/magazin\/wp-content\/uploads\/sites\/2\/2022\/11\/tapete-benmore03-schoenauer-raumausstattung-im-werkhaus-rosenheim-440x550.jpg 440w, https:\/\/www.das-werkhaus.de\/magazin\/wp-content\/uploads\/sites\/2\/2022\/11\/tapete-benmore03-schoenauer-raumausstattung-im-werkhaus-rosenheim-768x960.jpg 768w\" sizes=\"auto, (max-width: 800px) 100vw, 800px\" \/><\/a>\n\t\t\t<\/dt><\/dl><br style=\"clear: both\" \/>\n\t\t<\/div>\n\n<p><em>Tapete BENMORE von Osborne &amp; Little \u2013 Farne als Aquarell dargestellt,\u00a0 f\u00fcr ein elegantes All-Over-Design<\/em><\/p>\n<hr \/>\n<\/div>\n<\/div>\n<\/div>\n<div class=\"frame frame-default frame-type-text frame-layout-0\"><\/div>\n<h2><img loading=\"lazy\" decoding=\"async\" class=\"alignnone wp-image-4792 size-full\" src=\"https:\/\/www.das-werkhaus.de\/magazin\/wp-content\/uploads\/sites\/2\/2022\/11\/tapete-schlafzimmer-raumtrennung-das-werkhaus-rosenheim.jpg\" alt=\"Tapeten bei Sch\u00f6nauer Raumausstattung im werkhaus bei Rosenheim\" width=\"1000\" height=\"800\" srcset=\"https:\/\/www.das-werkhaus.de\/magazin\/wp-content\/uploads\/sites\/2\/2022\/11\/tapete-schlafzimmer-raumtrennung-das-werkhaus-rosenheim.jpg 1000w, https:\/\/www.das-werkhaus.de\/magazin\/wp-content\/uploads\/sites\/2\/2022\/11\/tapete-schlafzimmer-raumtrennung-das-werkhaus-rosenheim-550x440.jpg 550w, https:\/\/www.das-werkhaus.de\/magazin\/wp-content\/uploads\/sites\/2\/2022\/11\/tapete-schlafzimmer-raumtrennung-das-werkhaus-rosenheim-768x614.jpg 768w\" sizes=\"auto, (max-width: 1000px) 100vw, 1000px\" \/><\/h2>\n<h2 class=\"frame frame-default frame-type-text frame-layout-0\">Raumteiler als Akzent<\/h2>\n<p class=\"frame frame-default frame-type-text frame-layout-0\">Das Farbenspiel der Tapete zieht sich durch die gesamte Innenarchitektur des Schlafzimmers. Der Raumteiler dient zum Bett hin als Wand und ist auf der R\u00fcckseite Teil des begehbaren Kleiderschranks.<\/p>\n\n\t\t<style type=\"text\/css\">\n\t\t\t#gallery-2 {\n\t\t\t\tmargin: auto;\n\t\t\t}\n\t\t\t#gallery-2 .gallery-item {\n\t\t\t\tfloat: left;\n\t\t\t\tmargin-top: 10px;\n\t\t\t\ttext-align: center;\n\t\t\t\twidth: 50%;\n\t\t\t}\n\t\t\t#gallery-2 img {\n\t\t\t\tborder: 2px solid #cfcfcf;\n\t\t\t}\n\t\t\t#gallery-2 .gallery-caption {\n\t\t\t\tmargin-left: 0;\n\t\t\t}\n\t\t\t\/* see gallery_shortcode() in wp-includes\/media.php *\/\n\t\t<\/style>\n\t\t<div id='gallery-2' class='gallery galleryid-4777 gallery-columns-2 gallery-size-full'><dl class='gallery-item'>\n\t\t\t<dt class='gallery-icon portrait'>\n\t\t\t\t<a href='https:\/\/www.das-werkhaus.de\/magazin\/wp-content\/uploads\/sites\/2\/2022\/11\/tapete-schlafzimmer-raumtrennung02-das-werkhaus-rosenheim.jpg' data-lbwps-gid=\"3\"><img loading=\"lazy\" decoding=\"async\" width=\"800\" height=\"1000\" src=\"https:\/\/www.das-werkhaus.de\/magazin\/wp-content\/uploads\/sites\/2\/2022\/11\/tapete-schlafzimmer-raumtrennung02-das-werkhaus-rosenheim.jpg\" class=\"attachment-full size-full\" alt=\"\" srcset=\"https:\/\/www.das-werkhaus.de\/magazin\/wp-content\/uploads\/sites\/2\/2022\/11\/tapete-schlafzimmer-raumtrennung02-das-werkhaus-rosenheim.jpg 800w, https:\/\/www.das-werkhaus.de\/magazin\/wp-content\/uploads\/sites\/2\/2022\/11\/tapete-schlafzimmer-raumtrennung02-das-werkhaus-rosenheim-440x550.jpg 440w, https:\/\/www.das-werkhaus.de\/magazin\/wp-content\/uploads\/sites\/2\/2022\/11\/tapete-schlafzimmer-raumtrennung02-das-werkhaus-rosenheim-768x960.jpg 768w\" sizes=\"auto, (max-width: 800px) 100vw, 800px\" \/><\/a>\n\t\t\t<\/dt><\/dl><dl class='gallery-item'>\n\t\t\t<dt class='gallery-icon portrait'>\n\t\t\t\t<a href='https:\/\/www.das-werkhaus.de\/magazin\/wp-content\/uploads\/sites\/2\/2022\/11\/tapete-schlafzimmer-raumtrennung01-das-werkhaus-rosenheim.jpg' data-lbwps-gid=\"3\"><img loading=\"lazy\" decoding=\"async\" width=\"800\" height=\"1000\" src=\"https:\/\/www.das-werkhaus.de\/magazin\/wp-content\/uploads\/sites\/2\/2022\/11\/tapete-schlafzimmer-raumtrennung01-das-werkhaus-rosenheim.jpg\" class=\"attachment-full size-full\" alt=\"Tapeten bei Sch\u00f6nauer Raumausstattung im werkhaus bei Rosenheim\" srcset=\"https:\/\/www.das-werkhaus.de\/magazin\/wp-content\/uploads\/sites\/2\/2022\/11\/tapete-schlafzimmer-raumtrennung01-das-werkhaus-rosenheim.jpg 800w, https:\/\/www.das-werkhaus.de\/magazin\/wp-content\/uploads\/sites\/2\/2022\/11\/tapete-schlafzimmer-raumtrennung01-das-werkhaus-rosenheim-440x550.jpg 440w, https:\/\/www.das-werkhaus.de\/magazin\/wp-content\/uploads\/sites\/2\/2022\/11\/tapete-schlafzimmer-raumtrennung01-das-werkhaus-rosenheim-768x960.jpg 768w\" sizes=\"auto, (max-width: 800px) 100vw, 800px\" \/><\/a>\n\t\t\t<\/dt><\/dl><br style=\"clear: both\" \/>\n\t\t<\/div>\n\n<h2>Wie im Dschungel<\/h2>\n<p>Angkor Wat &#8211; wie im Dschungel: diese intensiv farbige Tapete f\u00fcr ein G\u00e4ste WC l\u00e4sst Sie eintauchen in die kambodschanische Tempelanlage. Lassen Sie Ihrer Fantasie freien Lauf!<\/p>\n<p><img loading=\"lazy\" decoding=\"async\" class=\"alignnone wp-image-4803 size-full\" src=\"https:\/\/www.das-werkhaus.de\/magazin\/wp-content\/uploads\/sites\/2\/2022\/11\/tapete-wc-affen-das-werkhaus-rosenheim.jpg\" alt=\"Tapeten und Innenarchitektur im werkhaus bei Rosenheim\" width=\"920\" height=\"1000\" srcset=\"https:\/\/www.das-werkhaus.de\/magazin\/wp-content\/uploads\/sites\/2\/2022\/11\/tapete-wc-affen-das-werkhaus-rosenheim.jpg 920w, https:\/\/www.das-werkhaus.de\/magazin\/wp-content\/uploads\/sites\/2\/2022\/11\/tapete-wc-affen-das-werkhaus-rosenheim-506x550.jpg 506w, https:\/\/www.das-werkhaus.de\/magazin\/wp-content\/uploads\/sites\/2\/2022\/11\/tapete-wc-affen-das-werkhaus-rosenheim-768x835.jpg 768w\" sizes=\"auto, (max-width: 920px) 100vw, 920px\" \/><\/p>\n<p><img loading=\"lazy\" decoding=\"async\" class=\"alignnone wp-image-4804 size-full\" src=\"https:\/\/www.das-werkhaus.de\/magazin\/wp-content\/uploads\/sites\/2\/2022\/11\/tapete-wc-fische-das-werkhaus-rosenheim.jpg\" alt=\"Tapeten und Innenarchitektur im werkhaus bei Rosenheim\" width=\"1000\" height=\"1300\" srcset=\"https:\/\/www.das-werkhaus.de\/magazin\/wp-content\/uploads\/sites\/2\/2022\/11\/tapete-wc-fische-das-werkhaus-rosenheim.jpg 1000w, https:\/\/www.das-werkhaus.de\/magazin\/wp-content\/uploads\/sites\/2\/2022\/11\/tapete-wc-fische-das-werkhaus-rosenheim-423x550.jpg 423w, https:\/\/www.das-werkhaus.de\/magazin\/wp-content\/uploads\/sites\/2\/2022\/11\/tapete-wc-fische-das-werkhaus-rosenheim-846x1100.jpg 846w, https:\/\/www.das-werkhaus.de\/magazin\/wp-content\/uploads\/sites\/2\/2022\/11\/tapete-wc-fische-das-werkhaus-rosenheim-768x998.jpg 768w\" sizes=\"auto, (max-width: 1000px) 100vw, 1000px\" \/><br \/>\n<em>Eintauchen ins Aquarium: im G\u00e4ste WC kann man seiner Inspiration mutig folgen!<\/em><\/p>\n<p><img loading=\"lazy\" decoding=\"async\" class=\"wp-image-4527 size-full alignnone\" src=\"https:\/\/www.das-werkhaus.de\/magazin\/wp-content\/uploads\/sites\/2\/2022\/10\/badplanung-im-werkhaus-rosenheim.jpg\" alt=\"Badplanung Elements Architektur Manufaktur im werkhaus bei Rosenheim\" width=\"999\" height=\"800\" srcset=\"https:\/\/www.das-werkhaus.de\/magazin\/wp-content\/uploads\/sites\/2\/2022\/10\/badplanung-im-werkhaus-rosenheim.jpg 999w, https:\/\/www.das-werkhaus.de\/magazin\/wp-content\/uploads\/sites\/2\/2022\/10\/badplanung-im-werkhaus-rosenheim-550x440.jpg 550w, https:\/\/www.das-werkhaus.de\/magazin\/wp-content\/uploads\/sites\/2\/2022\/10\/badplanung-im-werkhaus-rosenheim-768x615.jpg 768w\" sizes=\"auto, (max-width: 999px) 100vw, 999px\" \/><br \/>\n<em>Badkultur unter Palmen<\/em><\/p>\n<p><strong><a href=\"https:\/\/www.das-werkhaus.de\/gewerke-ausstellungen\/icona-badarchitektur\/\" target=\"_blank\" rel=\"noopener\">ICONA Badarchitektur im werkhaus<\/a> <\/strong>hat in Kooperation mit den<span class=\"apple-converted-space\">\u00a0<\/span>Innenarchitektinnen der <strong><a href=\"https:\/\/www.das-werkhaus.de\/gewerke-ausstellungen\/die-plankooperation-architkektur-innenarchitektur\/\">Plankooperation im werkhaus<\/a><\/strong> diese B\u00e4der und WC`s gestaltet.<\/p>\n<hr \/>\n<h2><\/h2>\n<h2 style=\"text-align: left;\">Flowers<\/h2>\n<p><img loading=\"lazy\" decoding=\"async\" class=\"alignnone size-full wp-image-4808\" src=\"https:\/\/www.das-werkhaus.de\/magazin\/wp-content\/uploads\/sites\/2\/2022\/11\/tapete-designers-guild-schoenauer-raumausstattung-im-werkhaus-rosenheim.jpg\" alt=\"Tapeten von Designers Guild bei Sch\u00f6nauer Raumausstattung im werkhaus bei Rosenheim\" width=\"1000\" height=\"620\" srcset=\"https:\/\/www.das-werkhaus.de\/magazin\/wp-content\/uploads\/sites\/2\/2022\/11\/tapete-designers-guild-schoenauer-raumausstattung-im-werkhaus-rosenheim.jpg 1000w, https:\/\/www.das-werkhaus.de\/magazin\/wp-content\/uploads\/sites\/2\/2022\/11\/tapete-designers-guild-schoenauer-raumausstattung-im-werkhaus-rosenheim-550x341.jpg 550w, https:\/\/www.das-werkhaus.de\/magazin\/wp-content\/uploads\/sites\/2\/2022\/11\/tapete-designers-guild-schoenauer-raumausstattung-im-werkhaus-rosenheim-768x476.jpg 768w\" sizes=\"auto, (max-width: 1000px) 100vw, 1000px\" \/><\/p>\n<p>Blumen sind seit jeher ein fester Bestandteil des Vokabulars bei Designers Guild. Diese Kollektion vereint einige der Keyvisuals der renommierten Marke aus England: Von einfachen Schablonen \u00fcber abstrakte Aquarelle bis hin zu \u00fcppigen, malerischen Blumen, die alle Farbpaletten abdecken.<\/p>\n<p><img loading=\"lazy\" decoding=\"async\" class=\"alignnone size-full wp-image-4809\" src=\"https:\/\/www.das-werkhaus.de\/magazin\/wp-content\/uploads\/sites\/2\/2022\/11\/tapete-designers-guild01-schoenauer-raumausstattung-im-werkhaus-rosenheim.jpg\" alt=\"Tapeten von Designers Guild bei Sch\u00f6nauer Raumausstattung im werkhaus bei Rosenheim\" width=\"1000\" height=\"620\" srcset=\"https:\/\/www.das-werkhaus.de\/magazin\/wp-content\/uploads\/sites\/2\/2022\/11\/tapete-designers-guild01-schoenauer-raumausstattung-im-werkhaus-rosenheim.jpg 1000w, https:\/\/www.das-werkhaus.de\/magazin\/wp-content\/uploads\/sites\/2\/2022\/11\/tapete-designers-guild01-schoenauer-raumausstattung-im-werkhaus-rosenheim-550x341.jpg 550w, https:\/\/www.das-werkhaus.de\/magazin\/wp-content\/uploads\/sites\/2\/2022\/11\/tapete-designers-guild01-schoenauer-raumausstattung-im-werkhaus-rosenheim-768x476.jpg 768w\" sizes=\"auto, (max-width: 1000px) 100vw, 1000px\" \/><\/p>\n<p>Tapeten von Osborne &amp; Little, Nina Campell, Lacroix und Designers Guild erhalten Sie bei <strong><a href=\"https:\/\/www.das-werkhaus.de\/gewerke-ausstellungen\/schoenauer-raumgestaltung\/\">Sch\u00f6nauer Raumausstattung im werkhaus<\/a><\/strong>.<\/p>\n<hr \/>\n<h2>Tapeten von Lacroix \u2013 alles geht, nichts muss<\/h2>\n\n\t\t<style type=\"text\/css\">\n\t\t\t#gallery-3 {\n\t\t\t\tmargin: auto;\n\t\t\t}\n\t\t\t#gallery-3 .gallery-item {\n\t\t\t\tfloat: left;\n\t\t\t\tmargin-top: 10px;\n\t\t\t\ttext-align: center;\n\t\t\t\twidth: 33%;\n\t\t\t}\n\t\t\t#gallery-3 img {\n\t\t\t\tborder: 2px solid #cfcfcf;\n\t\t\t}\n\t\t\t#gallery-3 .gallery-caption {\n\t\t\t\tmargin-left: 0;\n\t\t\t}\n\t\t\t\/* see gallery_shortcode() in wp-includes\/media.php *\/\n\t\t<\/style>\n\t\t<div id='gallery-3' class='gallery galleryid-4777 gallery-columns-3 gallery-size-full'><dl class='gallery-item'>\n\t\t\t<dt class='gallery-icon landscape'>\n\t\t\t\t<a href='https:\/\/www.das-werkhaus.de\/magazin\/wp-content\/uploads\/sites\/2\/2022\/11\/tapete-lacroix01-schoenauer-raumausstattung-im-werkhaus-rosenheim.jpg' data-lbwps-gid=\"4\"><img loading=\"lazy\" decoding=\"async\" width=\"1000\" height=\"700\" src=\"https:\/\/www.das-werkhaus.de\/magazin\/wp-content\/uploads\/sites\/2\/2022\/11\/tapete-lacroix01-schoenauer-raumausstattung-im-werkhaus-rosenheim.jpg\" class=\"attachment-full size-full\" alt=\"Tapeten bei Sch\u00f6nauer Raumausstattung im werkhaus bei Rosenheim\" srcset=\"https:\/\/www.das-werkhaus.de\/magazin\/wp-content\/uploads\/sites\/2\/2022\/11\/tapete-lacroix01-schoenauer-raumausstattung-im-werkhaus-rosenheim.jpg 1000w, https:\/\/www.das-werkhaus.de\/magazin\/wp-content\/uploads\/sites\/2\/2022\/11\/tapete-lacroix01-schoenauer-raumausstattung-im-werkhaus-rosenheim-550x385.jpg 550w, https:\/\/www.das-werkhaus.de\/magazin\/wp-content\/uploads\/sites\/2\/2022\/11\/tapete-lacroix01-schoenauer-raumausstattung-im-werkhaus-rosenheim-768x538.jpg 768w\" sizes=\"auto, (max-width: 1000px) 100vw, 1000px\" \/><\/a>\n\t\t\t<\/dt><\/dl><dl class='gallery-item'>\n\t\t\t<dt class='gallery-icon landscape'>\n\t\t\t\t<a href='https:\/\/www.das-werkhaus.de\/magazin\/wp-content\/uploads\/sites\/2\/2022\/11\/tapete-lacroix02-schoenauer-raumausstattung-im-werkhaus-rosenheim.jpg' data-lbwps-gid=\"4\"><img loading=\"lazy\" decoding=\"async\" width=\"1000\" height=\"700\" src=\"https:\/\/www.das-werkhaus.de\/magazin\/wp-content\/uploads\/sites\/2\/2022\/11\/tapete-lacroix02-schoenauer-raumausstattung-im-werkhaus-rosenheim.jpg\" class=\"attachment-full size-full\" alt=\"\" srcset=\"https:\/\/www.das-werkhaus.de\/magazin\/wp-content\/uploads\/sites\/2\/2022\/11\/tapete-lacroix02-schoenauer-raumausstattung-im-werkhaus-rosenheim.jpg 1000w, https:\/\/www.das-werkhaus.de\/magazin\/wp-content\/uploads\/sites\/2\/2022\/11\/tapete-lacroix02-schoenauer-raumausstattung-im-werkhaus-rosenheim-550x385.jpg 550w, https:\/\/www.das-werkhaus.de\/magazin\/wp-content\/uploads\/sites\/2\/2022\/11\/tapete-lacroix02-schoenauer-raumausstattung-im-werkhaus-rosenheim-768x538.jpg 768w\" sizes=\"auto, (max-width: 1000px) 100vw, 1000px\" \/><\/a>\n\t\t\t<\/dt><\/dl><dl class='gallery-item'>\n\t\t\t<dt class='gallery-icon landscape'>\n\t\t\t\t<a href='https:\/\/www.das-werkhaus.de\/magazin\/wp-content\/uploads\/sites\/2\/2022\/11\/tapete-lacroix03-schoenauer-raumausstattung-im-werkhaus-rosenheim.jpg' data-lbwps-gid=\"4\"><img loading=\"lazy\" decoding=\"async\" width=\"1000\" height=\"700\" src=\"https:\/\/www.das-werkhaus.de\/magazin\/wp-content\/uploads\/sites\/2\/2022\/11\/tapete-lacroix03-schoenauer-raumausstattung-im-werkhaus-rosenheim.jpg\" class=\"attachment-full size-full\" alt=\"\" srcset=\"https:\/\/www.das-werkhaus.de\/magazin\/wp-content\/uploads\/sites\/2\/2022\/11\/tapete-lacroix03-schoenauer-raumausstattung-im-werkhaus-rosenheim.jpg 1000w, https:\/\/www.das-werkhaus.de\/magazin\/wp-content\/uploads\/sites\/2\/2022\/11\/tapete-lacroix03-schoenauer-raumausstattung-im-werkhaus-rosenheim-550x385.jpg 550w, https:\/\/www.das-werkhaus.de\/magazin\/wp-content\/uploads\/sites\/2\/2022\/11\/tapete-lacroix03-schoenauer-raumausstattung-im-werkhaus-rosenheim-768x538.jpg 768w\" sizes=\"auto, (max-width: 1000px) 100vw, 1000px\" \/><\/a>\n\t\t\t<\/dt><\/dl><br style=\"clear: both\" \/>\n\t\t<\/div>\n\n<p>Die Tapete, ob bunt oder neoklassisch, wird unbestreitbar wieder zu einem Must-have in der Dekoration. Tapeten werden heutzutage auf originellere Weise als fr\u00fcher eingesetzt. Zum Beispiel als Dekotafeln oder indem man sie in einem St\u00fcck an eine Zimmerwand klebt wie ein Gem\u00e4lde. Eine Wandverkleidung kann auch einem antiken M\u00f6belst\u00fcck neues Leben geben; man kann sie an die Decke kleben oder den ganzen Raum damit tapezieren.<\/p>\n<hr \/>\n<h2>Italian Style \u2013 LOMBARDIA-TAPETEN von Nina Campell<\/h2>\n<p><img loading=\"lazy\" decoding=\"async\" class=\"alignnone size-full wp-image-4817\" src=\"https:\/\/www.das-werkhaus.de\/magazin\/wp-content\/uploads\/sites\/2\/2022\/11\/tapete-nina-campell-amati-schoenauer-raumausstattung-im-werkhaus-rosenheim.jpg\" alt=\"Tapeten bei Sch\u00f6nauer Raumausstattung im werkhaus bei Rosenheim\" width=\"1000\" height=\"1000\" srcset=\"https:\/\/www.das-werkhaus.de\/magazin\/wp-content\/uploads\/sites\/2\/2022\/11\/tapete-nina-campell-amati-schoenauer-raumausstattung-im-werkhaus-rosenheim.jpg 1000w, https:\/\/www.das-werkhaus.de\/magazin\/wp-content\/uploads\/sites\/2\/2022\/11\/tapete-nina-campell-amati-schoenauer-raumausstattung-im-werkhaus-rosenheim-550x550.jpg 550w, https:\/\/www.das-werkhaus.de\/magazin\/wp-content\/uploads\/sites\/2\/2022\/11\/tapete-nina-campell-amati-schoenauer-raumausstattung-im-werkhaus-rosenheim-340x340.jpg 340w, https:\/\/www.das-werkhaus.de\/magazin\/wp-content\/uploads\/sites\/2\/2022\/11\/tapete-nina-campell-amati-schoenauer-raumausstattung-im-werkhaus-rosenheim-768x768.jpg 768w\" sizes=\"auto, (max-width: 1000px) 100vw, 1000px\" \/><\/p>\n<p>Elegante Tapeten von Nina Campbell, inspiriert durch den Stil und die Finesse italienischer Handwerker. Die italienische Provinz Lombardia (Lombardei) war die Region, in der viele der gro\u00dfen Geigenbauer arbeiteten.<\/p>\n<p><img loading=\"lazy\" decoding=\"async\" class=\"alignnone size-full wp-image-4818\" src=\"https:\/\/www.das-werkhaus.de\/magazin\/wp-content\/uploads\/sites\/2\/2022\/11\/tapete-nina-campell-bergonzi-schoenauer-raumausstattung-im-werkhaus-rosenheim.jpg\" alt=\"Tapeten bei Sch\u00f6nauer Raumausstattung im werkhaus bei Rosenheim\" width=\"1000\" height=\"1000\" srcset=\"https:\/\/www.das-werkhaus.de\/magazin\/wp-content\/uploads\/sites\/2\/2022\/11\/tapete-nina-campell-bergonzi-schoenauer-raumausstattung-im-werkhaus-rosenheim.jpg 1000w, https:\/\/www.das-werkhaus.de\/magazin\/wp-content\/uploads\/sites\/2\/2022\/11\/tapete-nina-campell-bergonzi-schoenauer-raumausstattung-im-werkhaus-rosenheim-550x550.jpg 550w, https:\/\/www.das-werkhaus.de\/magazin\/wp-content\/uploads\/sites\/2\/2022\/11\/tapete-nina-campell-bergonzi-schoenauer-raumausstattung-im-werkhaus-rosenheim-340x340.jpg 340w, https:\/\/www.das-werkhaus.de\/magazin\/wp-content\/uploads\/sites\/2\/2022\/11\/tapete-nina-campell-bergonzi-schoenauer-raumausstattung-im-werkhaus-rosenheim-768x768.jpg 768w\" sizes=\"auto, (max-width: 1000px) 100vw, 1000px\" \/><\/p>\n<p>Zweifarbige Paisley-Damast-Paletten wechseln sich auf kontrastierendem Grund mit einer Metall- oder Glimmeroberfl\u00e4che ab. Benannt nach Carlo Bergonzi (1683 &#8211; 1747) aus Cremona, der als der beste Sch\u00fcler von Antonio Stradivari gilt.<\/p>\n<p>&nbsp;<\/p>\n<hr \/>\n<h2>Dezent geht auch&#8230;<\/h2>\n<h2><img loading=\"lazy\" decoding=\"async\" class=\"alignnone size-full wp-image-4820\" src=\"https:\/\/www.das-werkhaus.de\/magazin\/wp-content\/uploads\/sites\/2\/2022\/11\/tapete-das-werkhaus-rosenheim.jpg\" alt=\"Tapeten und Innenarchitektur im werkhaus bei Rosenheim\" width=\"1000\" height=\"800\" srcset=\"https:\/\/www.das-werkhaus.de\/magazin\/wp-content\/uploads\/sites\/2\/2022\/11\/tapete-das-werkhaus-rosenheim.jpg 1000w, https:\/\/www.das-werkhaus.de\/magazin\/wp-content\/uploads\/sites\/2\/2022\/11\/tapete-das-werkhaus-rosenheim-550x440.jpg 550w, https:\/\/www.das-werkhaus.de\/magazin\/wp-content\/uploads\/sites\/2\/2022\/11\/tapete-das-werkhaus-rosenheim-768x614.jpg 768w\" sizes=\"auto, (max-width: 1000px) 100vw, 1000px\" \/><\/h2>\n<p>Tapeten sind unglaublich vielf\u00e4ltig in Material, Farbe, Struktur und Design. Sie akzentuieren W\u00e4nde oder M\u00f6bel, sie spenden W\u00e4rme und machen Freude. Unsere <a href=\"https:\/\/www.das-werkhaus.de\/gewerke-ausstellungen\/die-plankooperation-architkektur-innenarchitektur\/\">Innenarchitekten der Plankooperation<\/a> und <a href=\"https:\/\/www.das-werkhaus.de\/gewerke-ausstellungen\/schoenauer-raumgestaltung\/\">Sch\u00f6nauer Raumausstattung<\/a> zeigen Ihnen vielf\u00e4ltige M\u00f6glichkeiten auf. <strong>Colour up your life!<\/strong><\/p>\n<h2>werkhaus \u2013 Lebensart verbindet<\/h2>\n","protected":false},"excerpt":{"rendered":"<p>Tapeten sind wieder im Kommen. Das spie\u00dfige Image der 70iger Jahre ist pass\u00e8. Tapeten spielen bei der Akzentuierung von W\u00e4nden eine entscheidende Rolle und sind tolle Alternativen zu Wandfarben. Tapete BENMORE von Osborne &amp; Little \u2013 Farne als Aquarell dargestellt,\u00a0 f\u00fcr ein elegantes All-Over-Design Raumteiler als Akzent Das Farbenspiel der Tapete zieht sich durch die [&hellip;]<\/p>\n","protected":false},"author":3,"featured_media":4782,"comment_status":"closed","ping_status":"closed","sticky":false,"template":"","format":"standard","meta":{"_acf_changed":false,"footnotes":""},"categories":[1,157,6],"tags":[235,234,231,233,232],"class_list":["post-4777","post","type-post","status-publish","format-standard","has-post-thumbnail","hentry","category-innenarchitektur","category-design","category-material","tag-innenarchitektur-rosenheim","tag-schoenauer-raumausstattung-im-werkhaus","tag-tapeten","tag-tapeten-im-werkhaus","tag-tapeten-rosenheim"],"acf":[],"_links":{"self":[{"href":"https:\/\/www.das-werkhaus.de\/magazin\/wp-json\/wp\/v2\/posts\/4777","targetHints":{"allow":["GET"]}}],"collection":[{"href":"https:\/\/www.das-werkhaus.de\/magazin\/wp-json\/wp\/v2\/posts"}],"about":[{"href":"https:\/\/www.das-werkhaus.de\/magazin\/wp-json\/wp\/v2\/types\/post"}],"author":[{"embeddable":true,"href":"https:\/\/www.das-werkhaus.de\/magazin\/wp-json\/wp\/v2\/users\/3"}],"replies":[{"embeddable":true,"href":"https:\/\/www.das-werkhaus.de\/magazin\/wp-json\/wp\/v2\/comments?post=4777"}],"version-history":[{"count":39,"href":"https:\/\/www.das-werkhaus.de\/magazin\/wp-json\/wp\/v2\/posts\/4777\/revisions"}],"predecessor-version":[{"id":5244,"href":"https:\/\/www.das-werkhaus.de\/magazin\/wp-json\/wp\/v2\/posts\/4777\/revisions\/5244"}],"wp:featuredmedia":[{"embeddable":true,"href":"https:\/\/www.das-werkhaus.de\/magazin\/wp-json\/wp\/v2\/media\/4782"}],"wp:attachment":[{"href":"https:\/\/www.das-werkhaus.de\/magazin\/wp-json\/wp\/v2\/media?parent=4777"}],"wp:term":[{"taxonomy":"category","embeddable":true,"href":"https:\/\/www.das-werkhaus.de\/magazin\/wp-json\/wp\/v2\/categories?post=4777"},{"taxonomy":"post_tag","embeddable":true,"href":"https:\/\/www.das-werkhaus.de\/magazin\/wp-json\/wp\/v2\/tags?post=4777"}],"curies":[{"name":"wp","href":"https:\/\/api.w.org\/{rel}","templated":true}]}}