{"id":3916,"date":"2021-08-13T14:42:23","date_gmt":"2021-08-13T12:42:23","guid":{"rendered":"https:\/\/www.das-werkhaus.de\/magazin\/?p=3916"},"modified":"2022-01-21T19:20:49","modified_gmt":"2022-01-21T18:20:49","slug":"glasfalttueren-von-solarlux-bei-niedermaier-rosenheim","status":"publish","type":"post","link":"https:\/\/www.das-werkhaus.de\/magazin\/lebensart\/glasfalttueren-von-solarlux-bei-niedermaier-rosenheim\/","title":{"rendered":"Grenzenlose Weite \u2013 Glasfaltt\u00fcren von Solarlux"},"content":{"rendered":"<p>Das Gef\u00fchl von grenzenloser Weite. Gedankenverloren in die Ferne blicken \u2013 genussvoll das \u201edrinnen nach drau\u00dfen\u201c verlagern. Mit der Glas-Faltwand von <a href=\"https:\/\/www.das-werkhaus.de\/gewerke-ausstellungen\/niedermaier-tueren-und-fenster\/#solarlux\" target=\"_blank\" rel=\"noopener\">Solarlux<sup>\u00ae<\/sup> von\u00a0 Niedermaier im werkhaus<\/a> gelingt das perfekt.<\/p>\n<p><img loading=\"lazy\" decoding=\"async\" class=\"alignnone size-full wp-image-3921\" src=\"https:\/\/www.das-werkhaus.de\/magazin\/wp-content\/uploads\/sites\/2\/2021\/08\/solarlux01-glas-faltwand-niedermaier-turen-im-werkhaus-rosenheim.jpg\" alt=\"\" width=\"1379\" height=\"800\" srcset=\"https:\/\/www.das-werkhaus.de\/magazin\/wp-content\/uploads\/sites\/2\/2021\/08\/solarlux01-glas-faltwand-niedermaier-turen-im-werkhaus-rosenheim.jpg 1379w, https:\/\/www.das-werkhaus.de\/magazin\/wp-content\/uploads\/sites\/2\/2021\/08\/solarlux01-glas-faltwand-niedermaier-turen-im-werkhaus-rosenheim-550x319.jpg 550w, https:\/\/www.das-werkhaus.de\/magazin\/wp-content\/uploads\/sites\/2\/2021\/08\/solarlux01-glas-faltwand-niedermaier-turen-im-werkhaus-rosenheim-1100x638.jpg 1100w, https:\/\/www.das-werkhaus.de\/magazin\/wp-content\/uploads\/sites\/2\/2021\/08\/solarlux01-glas-faltwand-niedermaier-turen-im-werkhaus-rosenheim-768x446.jpg 768w\" sizes=\"auto, (max-width: 1379px) 100vw, 1379px\" \/><\/p>\n<h2>\u201eVon drinnen nach drau\u00dfen\u201c<\/h2>\n<p>Aufatmen in der pulsierenden Stadt. Die Glas-Faltw\u00e4nde erm\u00f6glichen den flie\u00dfenden \u00dcbergang und lassen Sie im Trubel die Abende genie\u00dfen. Ein entspannter Kurzurlaub f\u00fcr die Seele.<\/p>\n<p><img loading=\"lazy\" decoding=\"async\" class=\"alignnone size-full wp-image-3923\" src=\"https:\/\/www.das-werkhaus.de\/magazin\/wp-content\/uploads\/sites\/2\/2021\/08\/stadthaus-solarlux-glas-faltwand-niedermaier-turen-im-werkhaus-rosenheim.jpg\" alt=\"\" width=\"1200\" height=\"800\" srcset=\"https:\/\/www.das-werkhaus.de\/magazin\/wp-content\/uploads\/sites\/2\/2021\/08\/stadthaus-solarlux-glas-faltwand-niedermaier-turen-im-werkhaus-rosenheim.jpg 1200w, https:\/\/www.das-werkhaus.de\/magazin\/wp-content\/uploads\/sites\/2\/2021\/08\/stadthaus-solarlux-glas-faltwand-niedermaier-turen-im-werkhaus-rosenheim-550x367.jpg 550w, https:\/\/www.das-werkhaus.de\/magazin\/wp-content\/uploads\/sites\/2\/2021\/08\/stadthaus-solarlux-glas-faltwand-niedermaier-turen-im-werkhaus-rosenheim-1100x733.jpg 1100w, https:\/\/www.das-werkhaus.de\/magazin\/wp-content\/uploads\/sites\/2\/2021\/08\/stadthaus-solarlux-glas-faltwand-niedermaier-turen-im-werkhaus-rosenheim-768x512.jpg 768w\" sizes=\"auto, (max-width: 1200px) 100vw, 1200px\" \/><\/p>\n<p>Flie\u00dfende \u00dcberg\u00e4nge 365 Tage im Jahr. Das Wetter kann Ihnen egal sein. Sie schaffen sich ein besonderes Wohngef\u00fchl und blicken entspannt nach drau\u00dfen.<\/p>\n<p><img loading=\"lazy\" decoding=\"async\" class=\"alignnone size-full wp-image-3928\" src=\"https:\/\/www.das-werkhaus.de\/magazin\/wp-content\/uploads\/sites\/2\/2021\/08\/stadthaus01-solarlux-glas-faltwand-niedermaier-turen-im-werkhaus-rosenheim.jpg\" alt=\"\" width=\"1450\" height=\"1000\" srcset=\"https:\/\/www.das-werkhaus.de\/magazin\/wp-content\/uploads\/sites\/2\/2021\/08\/stadthaus01-solarlux-glas-faltwand-niedermaier-turen-im-werkhaus-rosenheim.jpg 1450w, https:\/\/www.das-werkhaus.de\/magazin\/wp-content\/uploads\/sites\/2\/2021\/08\/stadthaus01-solarlux-glas-faltwand-niedermaier-turen-im-werkhaus-rosenheim-550x379.jpg 550w, https:\/\/www.das-werkhaus.de\/magazin\/wp-content\/uploads\/sites\/2\/2021\/08\/stadthaus01-solarlux-glas-faltwand-niedermaier-turen-im-werkhaus-rosenheim-1100x759.jpg 1100w, https:\/\/www.das-werkhaus.de\/magazin\/wp-content\/uploads\/sites\/2\/2021\/08\/stadthaus01-solarlux-glas-faltwand-niedermaier-turen-im-werkhaus-rosenheim-768x530.jpg 768w\" sizes=\"auto, (max-width: 1450px) 100vw, 1450px\" \/><\/p>\n<h2>Unabh\u00e4ngig von Regen und Wind<\/h2>\n<p>Sie schaffen sich besonderen Komfort und erweitern Ihren Wohnraum durch die gro\u00dfz\u00fcgigen Glasfronten. Die einzelnen Elemente der Glas-Faltwand lassen sich zu einem schmalen Fl\u00fcgelpaket zur Seite falten, der grenzenlose Ausblicke garantiert.<\/p>\n<p><img loading=\"lazy\" decoding=\"async\" class=\"alignnone size-full wp-image-3919\" src=\"https:\/\/www.das-werkhaus.de\/magazin\/wp-content\/uploads\/sites\/2\/2021\/08\/schwimmbad-solarlux-glas-faltwand-niedermaier-turen-im-werkhaus-rosenheim.jpg\" alt=\"\" width=\"1200\" height=\"800\" srcset=\"https:\/\/www.das-werkhaus.de\/magazin\/wp-content\/uploads\/sites\/2\/2021\/08\/schwimmbad-solarlux-glas-faltwand-niedermaier-turen-im-werkhaus-rosenheim.jpg 1200w, https:\/\/www.das-werkhaus.de\/magazin\/wp-content\/uploads\/sites\/2\/2021\/08\/schwimmbad-solarlux-glas-faltwand-niedermaier-turen-im-werkhaus-rosenheim-550x367.jpg 550w, https:\/\/www.das-werkhaus.de\/magazin\/wp-content\/uploads\/sites\/2\/2021\/08\/schwimmbad-solarlux-glas-faltwand-niedermaier-turen-im-werkhaus-rosenheim-1100x733.jpg 1100w, https:\/\/www.das-werkhaus.de\/magazin\/wp-content\/uploads\/sites\/2\/2021\/08\/schwimmbad-solarlux-glas-faltwand-niedermaier-turen-im-werkhaus-rosenheim-768x512.jpg 768w\" sizes=\"auto, (max-width: 1200px) 100vw, 1200px\" \/><\/p>\n<h2>Frischluft atmen<\/h2>\n<p>Die geschlossene Glas-Faltwand garantiert maximalem Schutz. Auch die Energie-Effizienz kann sich sehen lassen. <a href=\"https:\/\/www.das-werkhaus.de\/gewerke-ausstellungen\/niedermaier-tueren-und-fenster\/#solarlux\" target=\"_blank\" rel=\"noopener\">Solarlux<sup>\u00ae<\/sup> Glas-Faltw\u00e4nde bei Niedermaier T\u00fcren in Raubling bei Rosenheim<\/a> sind auch f\u00fcr Passivh\u00e4user geeignet.<\/p>\n<p><img loading=\"lazy\" decoding=\"async\" class=\"alignnone size-full wp-image-3926\" src=\"https:\/\/www.das-werkhaus.de\/magazin\/wp-content\/uploads\/sites\/2\/2021\/08\/solarlux04-glas-faltwand-niedermaier-turen-im-werkhaus-rosenheim.jpg\" alt=\"\" width=\"1400\" height=\"1000\" srcset=\"https:\/\/www.das-werkhaus.de\/magazin\/wp-content\/uploads\/sites\/2\/2021\/08\/solarlux04-glas-faltwand-niedermaier-turen-im-werkhaus-rosenheim.jpg 1400w, https:\/\/www.das-werkhaus.de\/magazin\/wp-content\/uploads\/sites\/2\/2021\/08\/solarlux04-glas-faltwand-niedermaier-turen-im-werkhaus-rosenheim-550x393.jpg 550w, https:\/\/www.das-werkhaus.de\/magazin\/wp-content\/uploads\/sites\/2\/2021\/08\/solarlux04-glas-faltwand-niedermaier-turen-im-werkhaus-rosenheim-1100x786.jpg 1100w, https:\/\/www.das-werkhaus.de\/magazin\/wp-content\/uploads\/sites\/2\/2021\/08\/solarlux04-glas-faltwand-niedermaier-turen-im-werkhaus-rosenheim-768x549.jpg 768w\" sizes=\"auto, (max-width: 1400px) 100vw, 1400px\" \/><\/p>\n<h2>Outdoorkochen leicht gemacht<\/h2>\n<p>Die einzelnen Elemente der Glas-Faltwand lassen sich zu einem schmalen Fl\u00fcgelpaket zur Seite falten \u2013 Sie kochen schon fast Outdoor. Im Gegensatz zu einer klassischen Schiebet\u00fcr, bei der auch im ge\u00f6ffneten Zustand eine gro\u00dfe Glasfl\u00e4che im Sichtfeld bleibt.<\/p>\n<p><img loading=\"lazy\" decoding=\"async\" class=\"alignnone size-full wp-image-3929\" src=\"https:\/\/www.das-werkhaus.de\/magazin\/wp-content\/uploads\/sites\/2\/2021\/08\/stadthaus02-solarlux-glas-faltwand-niedermaier-turen-im-werkhaus-rosenheim.jpg\" alt=\"\" width=\"1450\" height=\"1000\" srcset=\"https:\/\/www.das-werkhaus.de\/magazin\/wp-content\/uploads\/sites\/2\/2021\/08\/stadthaus02-solarlux-glas-faltwand-niedermaier-turen-im-werkhaus-rosenheim.jpg 1450w, https:\/\/www.das-werkhaus.de\/magazin\/wp-content\/uploads\/sites\/2\/2021\/08\/stadthaus02-solarlux-glas-faltwand-niedermaier-turen-im-werkhaus-rosenheim-550x379.jpg 550w, https:\/\/www.das-werkhaus.de\/magazin\/wp-content\/uploads\/sites\/2\/2021\/08\/stadthaus02-solarlux-glas-faltwand-niedermaier-turen-im-werkhaus-rosenheim-1100x759.jpg 1100w, https:\/\/www.das-werkhaus.de\/magazin\/wp-content\/uploads\/sites\/2\/2021\/08\/stadthaus02-solarlux-glas-faltwand-niedermaier-turen-im-werkhaus-rosenheim-768x530.jpg 768w\" sizes=\"auto, (max-width: 1450px) 100vw, 1450px\" \/><\/p>\n<p>&nbsp;<\/p>\n<p><a href=\"https:\/\/solarlux.com\/de-de\/inspirationen\/reportagen\/glas-faltwand-passivhaus.html\" target=\"_blank\" rel=\"noopener\">Lesen Sie hier alle Fakten zu \u00f6kologischen L\u00f6sungen von Passivh\u00e4usern mit Solarlux<sup>\u00ae<\/sup> Glas-Faltw\u00e4nden von Niedermaier T\u00fcren im werkhaus<\/a><\/p>\n<p>&nbsp;<\/p>\n<p>Weiter Infos zu Solarlux<sup>\u00ae<\/sup> bei Niedermaier im werkhaus bei Rosenheim und der gro\u00dfen Auswahl von hochwertigen T\u00fcren finde Sie hier: <a href=\"https:\/\/www.das-werkhaus.de\/gewerke-ausstellungen\/niedermaier-tueren-und-fenster\/#solarlux\" target=\"_blank\" rel=\"noopener\">Niedermaier T\u00fcren im werkhaus<\/a><\/p>\n","protected":false},"excerpt":{"rendered":"<p>Das Gef\u00fchl von grenzenloser Weite. Gedankenverloren in die Ferne blicken \u2013 genussvoll das \u201edrinnen nach drau\u00dfen\u201c verlagern. Mit der Glas-Faltwand von Solarlux\u00ae von\u00a0 Niedermaier im werkhaus gelingt das perfekt. \u201eVon drinnen nach drau\u00dfen\u201c Aufatmen in der pulsierenden Stadt. Die Glas-Faltw\u00e4nde erm\u00f6glichen den flie\u00dfenden \u00dcbergang und lassen Sie im Trubel die Abende genie\u00dfen. Ein entspannter Kurzurlaub [&hellip;]<\/p>\n","protected":false},"author":3,"featured_media":3925,"comment_status":"closed","ping_status":"closed","sticky":false,"template":"","format":"standard","meta":{"_acf_changed":false,"footnotes":""},"categories":[2,200,5],"tags":[],"class_list":["post-3916","post","type-post","status-publish","format-standard","has-post-thumbnail","hentry","category-lebensart","category-architektur","category-handwerk"],"acf":[],"_links":{"self":[{"href":"https:\/\/www.das-werkhaus.de\/magazin\/wp-json\/wp\/v2\/posts\/3916","targetHints":{"allow":["GET"]}}],"collection":[{"href":"https:\/\/www.das-werkhaus.de\/magazin\/wp-json\/wp\/v2\/posts"}],"about":[{"href":"https:\/\/www.das-werkhaus.de\/magazin\/wp-json\/wp\/v2\/types\/post"}],"author":[{"embeddable":true,"href":"https:\/\/www.das-werkhaus.de\/magazin\/wp-json\/wp\/v2\/users\/3"}],"replies":[{"embeddable":true,"href":"https:\/\/www.das-werkhaus.de\/magazin\/wp-json\/wp\/v2\/comments?post=3916"}],"version-history":[{"count":16,"href":"https:\/\/www.das-werkhaus.de\/magazin\/wp-json\/wp\/v2\/posts\/3916\/revisions"}],"predecessor-version":[{"id":3941,"href":"https:\/\/www.das-werkhaus.de\/magazin\/wp-json\/wp\/v2\/posts\/3916\/revisions\/3941"}],"wp:featuredmedia":[{"embeddable":true,"href":"https:\/\/www.das-werkhaus.de\/magazin\/wp-json\/wp\/v2\/media\/3925"}],"wp:attachment":[{"href":"https:\/\/www.das-werkhaus.de\/magazin\/wp-json\/wp\/v2\/media?parent=3916"}],"wp:term":[{"taxonomy":"category","embeddable":true,"href":"https:\/\/www.das-werkhaus.de\/magazin\/wp-json\/wp\/v2\/categories?post=3916"},{"taxonomy":"post_tag","embeddable":true,"href":"https:\/\/www.das-werkhaus.de\/magazin\/wp-json\/wp\/v2\/tags?post=3916"}],"curies":[{"name":"wp","href":"https:\/\/api.w.org\/{rel}","templated":true}]}}