{"id":3138,"date":"2020-07-25T16:52:56","date_gmt":"2020-07-25T14:52:56","guid":{"rendered":"https:\/\/magazin.das-werkhaus.de\/?p=3138"},"modified":"2022-04-19T13:53:25","modified_gmt":"2022-04-19T11:53:25","slug":"dauerbrenner-togo-in-heisser-farbe","status":"publish","type":"post","link":"https:\/\/www.das-werkhaus.de\/magazin\/innenarchitektur\/dauerbrenner-togo-in-heisser-farbe\/","title":{"rendered":"Dauerbrenner Togo in hei\u00dfer Farbe"},"content":{"rendered":"<h2>SAVOIR VIVRE \u2013 160 JAHRE LIGNE ROSET<\/h2>\n<p>Frisches franz\u00f6sisches Design macht Ligne Roset zum Symbol f\u00fcr elegante Lebensart und zeitgen\u00f6ssischen Lifestyle. <a href=\"https:\/\/www.das-werkhaus.de\/gewerke-ausstellungen\/ligne-roset\/\" target=\"_blank\" rel=\"noopener\">Ligne Roset<\/a> steht f\u00fcr kreative, innovative und hochwertige Designm\u00f6bel, die in k\u00fcnstlerischer Zusammenarbeit mit etablierten Designern und aufstrebenden Talenten entstehen.<\/p>\n<p><img loading=\"lazy\" decoding=\"async\" class=\"alignnone size-full wp-image-3142\" src=\"https:\/\/www.das-werkhaus.de\/magazin\/wp-content\/uploads\/sites\/2\/2020\/07\/sofa-togo01-werkhaus.jpg\" alt=\"\" width=\"1280\" height=\"1040\" srcset=\"https:\/\/www.das-werkhaus.de\/magazin\/wp-content\/uploads\/sites\/2\/2020\/07\/sofa-togo01-werkhaus.jpg 1280w, https:\/\/www.das-werkhaus.de\/magazin\/wp-content\/uploads\/sites\/2\/2020\/07\/sofa-togo01-werkhaus-550x447.jpg 550w, https:\/\/www.das-werkhaus.de\/magazin\/wp-content\/uploads\/sites\/2\/2020\/07\/sofa-togo01-werkhaus-1100x894.jpg 1100w, https:\/\/www.das-werkhaus.de\/magazin\/wp-content\/uploads\/sites\/2\/2020\/07\/sofa-togo01-werkhaus-768x624.jpg 768w\" sizes=\"auto, (max-width: 1280px) 100vw, 1280px\" \/><br \/>\n<em>Zum knalligen Orange ein fr\u00f6hliches Sonnengelb \u2014 Togo gibt es in vielen au\u00dfergew\u00f6hnlichen Farben und Stoffen!<\/em><\/p>\n<p>Entworfen von Michel Ducaroy geh\u00f6rt das <a href=\"https:\/\/www.das-werkhaus.de\/gewerke-ausstellungen\/ligne-roset\/#magazin\" target=\"_blank\" rel=\"noopener\">Sofa Togo<\/a> zurecht zu den Designklassikern aus der Disco-\u00c4ra. Seitdem in den 60er\/70er-Jahren neue Materialien auf den Markt kamen (Schaumstoffe, Polsterwatte, w\u00e4rmebehandelte Kunststoffe) entwirft er eine Reihe von Sitzm\u00f6beln, die sehr gefragt sind: Adria, Koufra, Kashima, Safi, Kali&#8230;<\/p>\n<p><img loading=\"lazy\" decoding=\"async\" class=\"alignnone size-full wp-image-3144\" src=\"https:\/\/www.das-werkhaus.de\/magazin\/wp-content\/uploads\/sites\/2\/2020\/07\/sofa-togo03-werkhaus.jpg\" alt=\"\" width=\"1280\" height=\"650\" srcset=\"https:\/\/www.das-werkhaus.de\/magazin\/wp-content\/uploads\/sites\/2\/2020\/07\/sofa-togo03-werkhaus.jpg 1280w, https:\/\/www.das-werkhaus.de\/magazin\/wp-content\/uploads\/sites\/2\/2020\/07\/sofa-togo03-werkhaus-550x279.jpg 550w, https:\/\/www.das-werkhaus.de\/magazin\/wp-content\/uploads\/sites\/2\/2020\/07\/sofa-togo03-werkhaus-1100x559.jpg 1100w, https:\/\/www.das-werkhaus.de\/magazin\/wp-content\/uploads\/sites\/2\/2020\/07\/sofa-togo03-werkhaus-768x390.jpg 768w\" sizes=\"auto, (max-width: 1280px) 100vw, 1280px\" \/><\/p>\n<p>&#8230; und das <a href=\"https:\/\/www.das-werkhaus.de\/gewerke-ausstellungen\/ligne-roset\/#magazin\" target=\"_blank\" rel=\"noopener\">Modell TOGO, ein Sofa mit niedriger Sitzh\u00f6he<\/a>, das im Katalog von Ligne Roset seinen festen Platz hat.<\/p>\n<p><img loading=\"lazy\" decoding=\"async\" class=\"alignnone size-full wp-image-3143\" src=\"https:\/\/www.das-werkhaus.de\/magazin\/wp-content\/uploads\/sites\/2\/2020\/07\/sofa-togo02-werkhaus.jpg\" alt=\"\" width=\"1280\" height=\"900\" srcset=\"https:\/\/www.das-werkhaus.de\/magazin\/wp-content\/uploads\/sites\/2\/2020\/07\/sofa-togo02-werkhaus.jpg 1280w, https:\/\/www.das-werkhaus.de\/magazin\/wp-content\/uploads\/sites\/2\/2020\/07\/sofa-togo02-werkhaus-550x387.jpg 550w, https:\/\/www.das-werkhaus.de\/magazin\/wp-content\/uploads\/sites\/2\/2020\/07\/sofa-togo02-werkhaus-1100x773.jpg 1100w, https:\/\/www.das-werkhaus.de\/magazin\/wp-content\/uploads\/sites\/2\/2020\/07\/sofa-togo02-werkhaus-768x540.jpg 768w\" sizes=\"auto, (max-width: 1280px) 100vw, 1280px\" \/><br \/>\n<em>Togo ist mit vielen Elementen kombinierbar wie z. B. Eckelementen und Liegesesseln<\/em><\/p>\n<p>Erleben Sie aufregende Kollektionen aus Wohnm\u00f6beln, Deko-Accessoires, Leuchten, Teppichen und Textilien. Die aktuellen Wohntrends aus Frankreich finden Sie in unserem neuen Showroom im werkhaus, dem einzigen Ligne Roset Store zwischen M\u00fcnchen und Salzburg!<\/p>\n<p><strong>Bis 31.8.2020 l\u00e4uft noch die ALCANTARA AKTION bei Ligne Roset im werkhaus: 15% auf alle Togo Modelle in Alcantara \u2013 wenn das nicht hei\u00df ist!<\/strong><\/p>\n<p><a href=\"https:\/\/www.das-werkhaus.de\/\" target=\"_blank\" rel=\"noopener noreferrer\">Lassen Sie sich im werkhaus inspirieren&#8230;.<\/a><\/p>\n","protected":false},"excerpt":{"rendered":"<p>SAVOIR VIVRE \u2013 160 JAHRE LIGNE ROSET Frisches franz\u00f6sisches Design macht Ligne Roset zum Symbol f\u00fcr elegante Lebensart und zeitgen\u00f6ssischen Lifestyle. Ligne Roset steht f\u00fcr kreative, innovative und hochwertige Designm\u00f6bel, die in k\u00fcnstlerischer Zusammenarbeit mit etablierten Designern und aufstrebenden Talenten entstehen. Zum knalligen Orange ein fr\u00f6hliches Sonnengelb \u2014 Togo gibt es in vielen au\u00dfergew\u00f6hnlichen Farben [&hellip;]<\/p>\n","protected":false},"author":3,"featured_media":3140,"comment_status":"closed","ping_status":"closed","sticky":false,"template":"","format":"standard","meta":{"_acf_changed":false,"footnotes":""},"categories":[157,1,2],"tags":[],"class_list":["post-3138","post","type-post","status-publish","format-standard","has-post-thumbnail","hentry","category-design","category-innenarchitektur","category-lebensart"],"acf":[],"_links":{"self":[{"href":"https:\/\/www.das-werkhaus.de\/magazin\/wp-json\/wp\/v2\/posts\/3138","targetHints":{"allow":["GET"]}}],"collection":[{"href":"https:\/\/www.das-werkhaus.de\/magazin\/wp-json\/wp\/v2\/posts"}],"about":[{"href":"https:\/\/www.das-werkhaus.de\/magazin\/wp-json\/wp\/v2\/types\/post"}],"author":[{"embeddable":true,"href":"https:\/\/www.das-werkhaus.de\/magazin\/wp-json\/wp\/v2\/users\/3"}],"replies":[{"embeddable":true,"href":"https:\/\/www.das-werkhaus.de\/magazin\/wp-json\/wp\/v2\/comments?post=3138"}],"version-history":[{"count":9,"href":"https:\/\/www.das-werkhaus.de\/magazin\/wp-json\/wp\/v2\/posts\/3138\/revisions"}],"predecessor-version":[{"id":3141,"href":"https:\/\/www.das-werkhaus.de\/magazin\/wp-json\/wp\/v2\/posts\/3138\/revisions\/3141"}],"wp:featuredmedia":[{"embeddable":true,"href":"https:\/\/www.das-werkhaus.de\/magazin\/wp-json\/wp\/v2\/media\/3140"}],"wp:attachment":[{"href":"https:\/\/www.das-werkhaus.de\/magazin\/wp-json\/wp\/v2\/media?parent=3138"}],"wp:term":[{"taxonomy":"category","embeddable":true,"href":"https:\/\/www.das-werkhaus.de\/magazin\/wp-json\/wp\/v2\/categories?post=3138"},{"taxonomy":"post_tag","embeddable":true,"href":"https:\/\/www.das-werkhaus.de\/magazin\/wp-json\/wp\/v2\/tags?post=3138"}],"curies":[{"name":"wp","href":"https:\/\/api.w.org\/{rel}","templated":true}]}}